{"id":8868,"date":"2022-02-27T12:53:33","date_gmt":"2022-02-27T12:53:33","guid":{"rendered":"http:\/\/fitness-andbeauty.com\/?p=8868"},"modified":"2022-02-09T16:37:51","modified_gmt":"2022-02-09T16:37:51","slug":"skin-care-in-winter-treatment-9-mish","status":"publish","type":"post","link":"https:\/\/fitness-andbeauty.com\/fr\/skin-care-in-winter-treatment-9-mish\/","title":{"rendered":"Soins de la peau en hiver\u00a0: traiter 9\u00a0probl\u00e8mes"},"content":{"rendered":"<div id=\"\">\n<div class=\"share-and-author\">\n<div class=\"author\">\n<div class=\"primary\"><span style=\"vertical-align: inherit;\"><span class=\"\" style=\"vertical-align: inherit;\">Soins de la peau en hiver\u00a0: traiter 9\u00a0probl\u00e8mes<\/span><\/span><\/div>\n<\/div>\n<\/div>\n<p>&nbsp;<\/p>\n<p class=\"paragraph\"><span style=\"vertical-align: inherit;\"><span style=\"vertical-align: inherit;\">Il vous suffit d&rsquo;abaisser la temp\u00e9rature indiqu\u00e9e par les probl\u00e8mes de peau. <\/span><span style=\"vertical-align: inherit;\">Il est courant en hiver que la peau soit s\u00e8che et terne, mais il y a quelque chose qui doit \u00eatre fait pour r\u00e9soudre ces probl\u00e8mes. <\/span><span style=\"vertical-align: inherit;\">D\u00e9couvrez les principaux probl\u00e8mes de peau de cette saison et apprenez \u00e0 les r\u00e9soudre.<\/span><\/span><\/p>\n<h2 class=\"subtitle\"><span style=\"vertical-align: inherit;\"><span style=\"vertical-align: inherit;\">1- peau s\u00e8che<\/span><\/span><\/h2>\n<p>&nbsp;<\/p>\n<p class=\"paragraph\"><span style=\"vertical-align: inherit;\"><span style=\"vertical-align: inherit;\">Lorsque les temp\u00e9ratures baissent, l&rsquo;hydratation de la peau semble diminuer avec elle. <\/span><span style=\"vertical-align: inherit;\">Le dermatologue Adilson Costa, de S\u00e3o Paulo, explique qu&rsquo;avec des temp\u00e9ratures basses, il se produit une diminution de la production de s\u00e9bum de la peau, ce qui entra\u00eene une perte d&rsquo;eau dans l&rsquo;environnement et, par cons\u00e9quent, une d\u00e9shydratation. <\/span><span style=\"vertical-align: inherit;\">La r\u00e9duction de la transpiration joue \u00e9galement un r\u00f4le dans la peau s\u00e8che, car elle joue \u00e9galement un r\u00f4le hydratant.<\/span><\/span><\/p>\n<p>&nbsp;<\/p>\n<p class=\"paragraph\"><span style=\"vertical-align: inherit;\"><span style=\"vertical-align: inherit;\">Cependant, on ne peut pas bl\u00e2mer uniquement les basses temp\u00e9ratures, car ce qui change le plus, \u00e0 ce moment-l\u00e0, c&rsquo;est notre comportement. <\/span><span style=\"vertical-align: inherit;\">Avec le froid, la demande de bains chauds et longs augmente. <\/span><span style=\"vertical-align: inherit;\">\u00ab\u00a0Cela enl\u00e8ve la couche protectrice naturelle de s\u00e9bum de la peau et l&rsquo;eau qui s&rsquo;y trouve s&rsquo;\u00e9vapore davantage, la laissant s\u00e8che\u00a0\u00bb, explique le dermatologue Erasmo Tokarsky.<\/span><\/span><\/p>\n<div class=\"desktop-ad\">\n<div class=\"square\"><\/div>\n<\/div>\n<p>&nbsp;<\/p>\n<p class=\"paragraph\"><span style=\"vertical-align: inherit;\"><span style=\"vertical-align: inherit;\">En plus de l&rsquo;eau chaude, l&rsquo;utilisation de savon contribue au dess\u00e8chement en raison de son effet nettoyant, ce qui augmente la perte de la couche lipidique de la peau, appel\u00e9e manteau lipidique.<\/span><\/span><\/p>\n<p>&nbsp;<\/p>\n<p class=\"paragraph\"><span style=\"vertical-align: inherit;\"><span style=\"vertical-align: inherit;\">Pour faire face \u00e0 cette d\u00e9shydratation, il faut d&rsquo;abord faire attention \u00e0 la douche et administrer de l&rsquo;eau tr\u00e8s chaude. <\/span><span style=\"vertical-align: inherit;\">Essayer de baisser un peu la temp\u00e9rature et m\u00eame le temps de douche peut r\u00e9duire les dommages \u00e0 la peau.<\/span><\/span><\/p>\n<p>&nbsp;<\/p>\n<p class=\"paragraph\"><span style=\"vertical-align: inherit;\"><span style=\"vertical-align: inherit;\">Fernanda souligne que lors du lavage, utilisez un savon hydratant. <\/span><span style=\"vertical-align: inherit;\">Tokarski recommande \u00e9galement de ne l&rsquo;utiliser que dans les \u00ab\u00a0plis\u00a0\u00bb du corps, et d&rsquo;\u00e9viter les grandes zones, comme les bras et les jambes, car elles ont moins de glandes s\u00e9bac\u00e9es.<\/span><\/span><\/p>\n<p class=\"paragraph\"><span style=\"vertical-align: inherit;\"><span style=\"vertical-align: inherit;\">Il faut aussi abuser des hydratants : pour Adilson Costa, l&rsquo;id\u00e9al est de les appliquer deux fois par jour \u00e0 ce moment-l\u00e0. <\/span><span style=\"vertical-align: inherit;\">Vous avez des pixels apr\u00e8s la douche et vous ne voulez pas mettre de cr\u00e8me ? <\/span><span style=\"vertical-align: inherit;\">Et si vous testiez les gels douche ? <\/span><span style=\"vertical-align: inherit;\">Il est toujours port\u00e9 sous la douche et ne laisse aucune place aux excuses du type \u00ab\u00a0il faisait si froid quand je suis sorti de la douche\u00a0\u00bb.<\/span><\/span><\/p>\n<p>&nbsp;<\/p>\n<h2 class=\"subtitle\"><span style=\"vertical-align: inherit;\"><span style=\"vertical-align: inherit;\">2- L\u00e8vres craquel\u00e9es et s\u00e8ches<\/span><\/span><\/h2>\n<p>&nbsp;<\/p>\n<p class=\"paragraph\"><span style=\"vertical-align: inherit;\"><span style=\"vertical-align: inherit;\">Si la peau devient plus sensible en hiver, les l\u00e8vres souffrent beaucoup plus, elles deviennent s\u00e8ches et craquel\u00e9es. <\/span><span style=\"vertical-align: inherit;\">La dermatologue Fernanda Casagrande explique que cela se produit car, en fait, il s&rsquo;agit d&rsquo;une peau semi-muqueuse &#8211; fine qui ne contient pas de glandes s\u00e9bac\u00e9es. <\/span><span style=\"vertical-align: inherit;\">Sans ces glandes, il n&rsquo;y a pas d&rsquo;humidit\u00e9 naturelle, ce qui rend cette partie du corps plus sensible aux facteurs m\u00e9t\u00e9orologiques, comme le froid et le vent.<\/span><\/span><\/p>\n<p>&nbsp;<\/p>\n<p class=\"paragraph\"><span style=\"vertical-align: inherit;\"><span style=\"vertical-align: inherit;\">Pendant les journ\u00e9es plus fra\u00eeches, Fernanda sugg\u00e8re d&rsquo;investir dans l&rsquo;eau. <\/span><span style=\"vertical-align: inherit;\">Pour une utilisation nocturne, elle conseille des produits \u00e0 base de dexpanth\u00e9nol, une substance \u00e0 haut pouvoir hydratant, voire m\u00eame de l&rsquo;appliquer pur sur les l\u00e8vres (il est vendu en pommade en parapharmacie). <\/span><span style=\"vertical-align: inherit;\">Pour la journ\u00e9e, les baumes \u00e0 l\u00e8vres prennent soin de cette moiti\u00e9 muqueuse.<\/span><\/span><\/p>\n<div class=\"desktop-ad\">\n<div class=\"square\">\n<p class=\"label\">\n<\/div>\n<\/div>\n<p class=\"paragraph\"><span style=\"vertical-align: inherit;\"><span style=\"vertical-align: inherit;\">Vous devez \u00e9galement r\u00e9sister \u00e0 la tentation de mouiller vos l\u00e8vres avec de la salive, ainsi que de tirer sur la fourrure. <\/span><span style=\"vertical-align: inherit;\">\u00ab\u00a0On dit aux gens de ne pas passer leur langue sur leurs l\u00e8vres ou m\u00eame sur la peau autour de la zone, car la salive aide aussi \u00e0 ass\u00e9cher et irriter la peau\u00a0\u00bb, se souvient le dermatologue Erasmo Tokarski.<\/span><\/span><\/p>\n<p>&nbsp;<\/p>\n<h2 class=\"subtitle\"><span style=\"vertical-align: inherit;\"><span style=\"vertical-align: inherit;\">3- Peau sans brillance ni \u00e9clat<\/span><\/span><\/h2>\n<p>&nbsp;<\/p>\n<p class=\"paragraph\"><span style=\"vertical-align: inherit;\"><span style=\"vertical-align: inherit;\">Avec l&rsquo;arriv\u00e9e de l&rsquo;hiver, la peau perd son \u00e9clat et son \u00e9clat naturels. <\/span><span style=\"vertical-align: inherit;\">Le dermatologue Adilson Costa explique que cela se produit parce que la soi-disant couche corn\u00e9e &#8211; des cellules mortes, la couche la plus externe de la peau &#8211; perd de l&rsquo;eau dans l&rsquo;environnement.<\/span><\/span><\/p>\n<p>&nbsp;<\/p>\n<p class=\"paragraph\"><span style=\"vertical-align: inherit;\"><span style=\"vertical-align: inherit;\">Avec une peau plus s\u00e8che, elle finit par former de fines pellicules, ce qui entra\u00eene une perte de son \u00e9clat naturel. <\/span><span style=\"vertical-align: inherit;\">\u00ab\u00a0Le froid rend les glandes s\u00e9bac\u00e9es plus atrophi\u00e9es. Elles se ratatinent et ne produisent pas l&rsquo;hydratation naturelle de la peau, qui fait partie des acides gras qu&rsquo;elle produit naturellement\u00a0\u00bb, explique la dermatologue Fernanda Casagrande.<\/span><\/span><\/p>\n<div class=\"desktop-ad\">\n<div class=\"square\">\n<p class=\"label\">\n<\/div>\n<\/div>\n<p class=\"paragraph\"><span style=\"vertical-align: inherit;\"><span style=\"vertical-align: inherit;\">Pour traiter ce probl\u00e8me, il est recommand\u00e9 de miser sur une hydratation superficielle de la zone, ainsi que de prendre beaucoup de liquides tout au long de la journ\u00e9e. <\/span><span style=\"vertical-align: inherit;\">\u00ab\u00a0Tout d&rsquo;abord, vous devez boire beaucoup d&rsquo;eau pour remplacer les fluides perdus, en hydratant le corps de l&rsquo;int\u00e9rieur. De plus, privil\u00e9giez les cr\u00e8mes qui contiennent des substances telles que la glyc\u00e9rine, la vaseline, la lanoline, etc., car elles sont plus grasses. Et \u00e7a aide \u00e0 renforcer la couche Skin Protectant\u00a0\u00bb, renforce le dermatologue Erasmo Tokarsky.<\/span><\/span><\/p>\n<p>&nbsp;<\/p>\n<p class=\"paragraph\"><span style=\"vertical-align: inherit;\"><span style=\"vertical-align: inherit;\">Fernanda dit qu&rsquo;elle prescrit habituellement des acides et des \u00e9mollients pour am\u00e9liorer l&rsquo;apparence de la peau. <\/span><span style=\"vertical-align: inherit;\">La couche corn\u00e9e elle-m\u00eame se r\u00e9g\u00e9n\u00e8re g\u00e9n\u00e9ralement selon un cycle de 28 jours. <\/span><span style=\"vertical-align: inherit;\">Ces acides favorisent la micro-exfoliation, ce qui r\u00e9duit le temps de renouvellement des couches et acc\u00e9l\u00e8re la r\u00e9g\u00e9n\u00e9ration de la peau. <\/span><span style=\"vertical-align: inherit;\">Utiliser le soir et alterner avec des hydratants.<\/span><\/span><\/p>\n<p>&nbsp;<\/p>\n<h2 class=\"subtitle\"><span style=\"vertical-align: inherit;\"><span style=\"vertical-align: inherit;\">4- La peau est affect\u00e9e en se lavant le visage dans la salle de bain<\/span><\/span><\/h2>\n<p>&nbsp;<\/p>\n<p class=\"paragraph\"><span style=\"vertical-align: inherit;\"><span style=\"vertical-align: inherit;\">Peu importe si votre peau est s\u00e8che ou grasse, en hiver, les deux probl\u00e8mes ont tendance \u00e0 s&rsquo;aggraver et ne sont pas exactement la faute de la saison. <\/span><span style=\"vertical-align: inherit;\">L&rsquo;habitude de se laver le visage sous la douche avec de l&rsquo;eau chaude fr\u00e9quemment \u00e9limine compl\u00e8tement l&rsquo;huile de la peau.<\/span><\/span><\/p>\n<div class=\"desktop-ad\">\n<div class=\"square\">\n<p class=\"label\">\n<\/div>\n<\/div>\n<p class=\"paragraph\"><span style=\"vertical-align: inherit;\"><span style=\"vertical-align: inherit;\">La dermatologue Fernanda Casagrande explique que la peau r\u00e9agit de deux mani\u00e8res diff\u00e9rentes, selon la production des glandes s\u00e9bac\u00e9es. <\/span><span style=\"vertical-align: inherit;\">Dans les peaux grasses &#8211; qui ont tendance \u00e0 exacerber la production de s\u00e9bum &#8211; les glandes vont comprendre que la peau est trop s\u00e8che, car l&rsquo;eau chaude va retirer tout le s\u00e9bum de la peau. <\/span><span style=\"vertical-align: inherit;\">Avec cela, la production de graisse augmentera, dans la soi-disant production de reflux. <\/span><span style=\"vertical-align: inherit;\">\u00ab\u00a0La peau est \u00e9trange, grasse, un peu craquel\u00e9e, avec des plaques s\u00e8ches et grasses\u00a0\u00bb, d\u00e9crit la dermatologue. <\/span><span style=\"vertical-align: inherit;\">Dans la peau s\u00e8che, les glandes ne pourront pas compenser la graisse perdue, ce qui rend la peau du visage terne et craquel\u00e9e.<\/span><\/span><\/p>\n<p>&nbsp;<\/p>\n<p class=\"paragraph\"><span style=\"vertical-align: inherit;\"><span style=\"vertical-align: inherit;\">Le soulagement du probl\u00e8me est simple : il suffit de ne pas se laver le visage sous la douche. <\/span><span style=\"vertical-align: inherit;\">\u00ab\u00a0Vous pouvez vous laver le visage dans le lavabo avec de l&rsquo;eau ti\u00e8de, mais ne vous chauffez jamais sous la douche\u00a0\u00bb, pr\u00e9vient Fernanda.<\/span><\/span><\/p>\n<p>&nbsp;<\/p>\n<h2 class=\"subtitle\"><span style=\"vertical-align: inherit;\"><span style=\"vertical-align: inherit;\">5- Peeling de la peau au froid<\/span><\/span><\/h2>\n<p>&nbsp;<\/p>\n<p class=\"paragraph\"><span style=\"vertical-align: inherit;\"><span style=\"vertical-align: inherit;\">La desquamation de la peau est \u00e9galement courante les jours froids, et cela se produit parce que, selon la dermatologue Fernanda Casagrande, les cellules de la couche corn\u00e9e de la peau se s\u00e9parent plus facilement en raison de la s\u00e9cheresse. <\/span><span style=\"vertical-align: inherit;\">Donc, ce \u00ab\u00a0son\u00a0\u00bb blanc qui sort de la peau est en fait les cellules l\u00e2ches.<\/span><\/span><\/p>\n<div class=\"mobile-ad\">\n<div class=\"square\"><\/div>\n<\/div>\n<p>&nbsp;<\/p>\n<p class=\"paragraph\"><span style=\"vertical-align: inherit;\"><span style=\"vertical-align: inherit;\">Le dermatologue Adilson Costa explique que l&rsquo;eau que la peau perd dans l&rsquo;environnement maintient les cellules de la peau hydrat\u00e9es et donc coll\u00e9es ensemble. <\/span><span style=\"vertical-align: inherit;\">Lorsqu&rsquo;il y a pelage, cela signifie qu&rsquo;il n&rsquo;est pas assez humide.<\/span><\/span><\/p>\n<p>&nbsp;<\/p>\n<p class=\"paragraph\"><span style=\"vertical-align: inherit;\"><span style=\"vertical-align: inherit;\">En plus de miser sur l&rsquo;hydratation de la peau, le dermatologue Erasmo Tokarsky conseille : \u00ab\u00a0Il faut donner la priorit\u00e9 aux v\u00eatements en coton, car ils laissent la peau moins \u00e9lectrique, c&rsquo;est-\u00e0-dire moins irritante.\u00a0\u00bb<\/span><\/span><\/p>\n<h2 class=\"subtitle\"><span style=\"vertical-align: inherit;\"><span style=\"vertical-align: inherit;\">6- D\u00e9mangeaisons<\/span><\/span><\/h2>\n<p>&nbsp;<\/p>\n<p class=\"paragraph\"><span style=\"vertical-align: inherit;\"><span style=\"vertical-align: inherit;\">La peau s\u00e8che pendant cette saison am\u00e8ne un autre probl\u00e8me : les d\u00e9mangeaisons. <\/span><span style=\"vertical-align: inherit;\">D&rsquo;ailleurs, il arrive aussi que des \u00ab\u00a0\u00e9pingles\u00a0\u00bb se fassent sentir sur la peau. <\/span><span style=\"vertical-align: inherit;\">\u00ab\u00a0Lorsque la peau devient plus s\u00e8che, un l\u00e9ger cas d&rsquo;inflammation microscopique se produit dans la peau, ce qui irrite la peau et augmente les d\u00e9mangeaisons\u00a0\u00bb, explique le dermatologue Adilson Costa.<\/span><\/span><\/p>\n<div class=\"desktop-ad\">\n<div class=\"square\">\n<p class=\"label\">\n<\/div>\n<\/div>\n<p>&nbsp;<\/p>\n<p class=\"paragraph\"><span style=\"vertical-align: inherit;\"><span style=\"vertical-align: inherit;\">Nous sommes dans une sorte de cercle vicieux. <\/span><span style=\"vertical-align: inherit;\">Si on n&rsquo;hydrate pas la peau, cela provoque des d\u00e9mangeaisons. <\/span><span style=\"vertical-align: inherit;\">Si on le gratte, il s\u00e8che davantage et ainsi de suite. <\/span><span style=\"vertical-align: inherit;\">Pour arr\u00eater ce cycle g\u00eanant, la solution est l&rsquo;hydratation.<\/span><\/span><\/p>\n<p>&nbsp;<\/p>\n<h2 class=\"subtitle\"><span style=\"vertical-align: inherit;\"><span style=\"vertical-align: inherit;\">7- Allergies<\/span><\/span><\/h2>\n<p>&nbsp;<\/p>\n<p class=\"paragraph\"><span style=\"vertical-align: inherit;\"><span style=\"vertical-align: inherit;\">La barri\u00e8re lipidique de la peau est charg\u00e9e de la prot\u00e9ger d&rsquo;une s\u00e9rie de facteurs externes. <\/span><span style=\"vertical-align: inherit;\">Avec la peau s\u00e8che, nous sommes priv\u00e9s de cette protection naturelle. <\/span><span style=\"vertical-align: inherit;\">Ainsi, en hiver, il existe des cas d&rsquo;allergies locales avec des d\u00e9mangeaisons, des rougeurs et des br\u00fblures uniquement dans certaines zones du corps. <\/span><span style=\"vertical-align: inherit;\">\u00ab\u00a0Parfois, il arrive qu&rsquo;une montre que l&rsquo;on porte tout l&rsquo;\u00e9t\u00e9 sans aucun probl\u00e8me provoque une sensibilit\u00e9 en hiver\u00a0\u00bb, explique la dermatologue Fernanda Casagrande.<\/span><\/span><\/p>\n<p>&nbsp;<\/p>\n<p class=\"paragraph\"><span style=\"vertical-align: inherit;\"><span style=\"vertical-align: inherit;\">\u00ab\u00a0Une autre raison est une mauvaise ventilation, comme les fen\u00eatres sont ferm\u00e9es pour chauffer la maison, des endroits id\u00e9aux sont cr\u00e9\u00e9s pour les champignons et les bact\u00e9ries qui attaquent diff\u00e9rentes zones du corps, comme les voies respiratoires, les yeux et la peau\u00a0\u00bb, ajoute le dermatologue Erasmo Tokarsky, qui se distingue \u00e9galement, parmi les allergies, la dermatite atopique, qui appara\u00eet sous forme de taches blanches sur la peau.<\/span><\/span><\/p>\n<div class=\"desktop-ad\">\n<div class=\"square\">\n<p class=\"label\">\n<\/div>\n<\/div>\n<p>&nbsp;<\/p>\n<p class=\"paragraph\"><span style=\"vertical-align: inherit;\"><span style=\"vertical-align: inherit;\">Il est conseill\u00e9 d&rsquo;hydrater la peau, plus elle est hydrat\u00e9e, plus la barri\u00e8re protectrice sera forte. <\/span><span style=\"vertical-align: inherit;\">Mais Fernanda se souvient que lorsque le tableau allergique est s\u00e9v\u00e8re, il est d&rsquo;usage de prescrire des antihistaminiques oraux. <\/span><span style=\"vertical-align: inherit;\">Lorsque la peau est frott\u00e9e, de l&rsquo;histamine est lib\u00e9r\u00e9e, ce qui entra\u00eene une augmentation encore plus importante des d\u00e9mangeaisons allergiques. <\/span><span style=\"vertical-align: inherit;\">Donc le r\u00f4le de ce m\u00e9dicament est de stopper les d\u00e9mangeaisons.<\/span><\/span><\/p>\n<p>&nbsp;<\/p>\n<h2 class=\"subtitle\"><span style=\"vertical-align: inherit;\"><span style=\"vertical-align: inherit;\">8- La teigne aux pieds<\/span><\/span><\/h2>\n<p>&nbsp;<\/p>\n<p class=\"paragraph\"><span style=\"vertical-align: inherit;\"><span style=\"vertical-align: inherit;\">Il est toujours courant de porter des chaussettes aux pieds par temps froid. <\/span><span style=\"vertical-align: inherit;\">Cet environnement chaud et humide contribue au d\u00e9veloppement de l&rsquo;onychomycose sur les ongles et entre les orteils, ainsi que les plis &#8211; le fameux pied d&rsquo;athl\u00e8te. <\/span><span style=\"vertical-align: inherit;\">De plus, la dermatologue Fernanda Casagrande rappelle qu&rsquo;il est courant que les gens se s\u00e8chent \u00e0 peine les pieds et les mettent dans des chaussettes pour se r\u00e9chauffer. <\/span><span style=\"vertical-align: inherit;\">Il conseille que \u00ab\u00a0la peau des pieds est tach\u00e9e, ce qui peut provoquer des crevasses. Il faut bien s\u00e9cher entre les orteils\u00a0\u00bb.<\/span><\/span><\/p>\n<p>&nbsp;<\/p>\n<p class=\"paragraph\"><span style=\"vertical-align: inherit;\"><span style=\"vertical-align: inherit;\">D&rsquo;ailleurs, le dermatologue Erasmo Tokarsky ajoute : \u00ab\u00a0Il faut privil\u00e9gier les chaussettes en coton, plut\u00f4t que celles en mati\u00e8res synth\u00e9tiques, en les changeant toujours et en a\u00e9rant bien les chaussures apr\u00e8s usage.\u00a0\u00bb<\/span><\/span><\/p>\n<div class=\"desktop-ad\">\n<div class=\"square\">\n<p class=\"label\">\n<\/div>\n<\/div>\n<p>&nbsp;<\/p>\n<h2 class=\"subtitle\"><span style=\"vertical-align: inherit;\"><span style=\"vertical-align: inherit;\">9- Acn\u00e9<\/span><\/span><\/h2>\n<p>&nbsp;<\/p>\n<p class=\"paragraph\"><span style=\"vertical-align: inherit;\"><span style=\"vertical-align: inherit;\">Pour certaines personnes, les probl\u00e8mes de boutons et de points noirs augmentent pendant la p\u00e9riode la plus froide de l&rsquo;ann\u00e9e. <\/span><span style=\"vertical-align: inherit;\">La raison &#8211; qui savait! <\/span><span style=\"vertical-align: inherit;\">C&rsquo;est l&rsquo;exc\u00e8s d&rsquo;huile provenant des cheveux. <\/span><span style=\"vertical-align: inherit;\">La dermatologue Fernanda Casagrande explique qu&rsquo;en hiver, les gens ont tendance \u00e0 se laver les cheveux moins souvent.<\/span><\/span><\/p>\n<p>&nbsp;<\/p>\n<p class=\"paragraph\"><span style=\"vertical-align: inherit;\"><span style=\"vertical-align: inherit;\">De cette fa\u00e7on, l&rsquo;huile de la peau finit par couler sur le visage, ce qui augmente la fr\u00e9quence des pouss\u00e9es d&rsquo;acn\u00e9. <\/span><span style=\"vertical-align: inherit;\">Notez donc que la plupart de ce probl\u00e8me appara\u00eet sur le front et les c\u00f4t\u00e9s du visage.<\/span><\/span><\/p>\n<p>&nbsp;<\/p>\n<p class=\"paragraph\"><span style=\"vertical-align: inherit;\"><span style=\"vertical-align: inherit;\">\u00ab\u00a0Vous ne pouvez pas passer plus d&rsquo;une journ\u00e9e sans vous laver les cheveux, vous devriez le faire au moins tous les deux jours\u00a0\u00bb, pr\u00e9vient Fernanda. <\/span><span style=\"vertical-align: inherit;\">Il vaut \u00e9galement la peine de chercher un dermatologue, qui vous conseillera sur le traitement appropri\u00e9 pour l&rsquo;acn\u00e9.<\/span><\/span><\/p>\n<\/div>\n","protected":false},"excerpt":{"rendered":"<p>Soins de la peau en hiver\u00a0: traiter 9\u00a0probl\u00e8mes &nbsp; Il vous suffit d&rsquo;abaisser la temp\u00e9rature indiqu\u00e9e par les probl\u00e8mes de peau. Il est courant en hiver que la peau soit s\u00e8che et terne, mais il y a quelque chose qui doit \u00eatre fait pour r\u00e9soudre ces probl\u00e8mes. D\u00e9couvrez les principaux probl\u00e8mes de peau de cette &hellip;<\/p>\n","protected":false},"author":1,"featured_media":11785,"comment_status":"open","ping_status":"open","sticky":false,"template":"","format":"standard","meta":{"footnotes":""},"categories":[3523],"tags":[],"class_list":["post-8868","post","type-post","status-publish","format-standard","has-post-thumbnail","hentry","category-beauty-fr"],"yoast_head":"<!-- This site is optimized with the Yoast SEO plugin v27.4 - https:\/\/yoast.com\/product\/yoast-seo-wordpress\/ -->\n<title>Soins de la peau en hiver\u00a0: traiter 9\u00a0probl\u00e8mes - fitness and beauty<\/title>\n<meta name=\"robots\" content=\"index, follow, max-snippet:-1, max-image-preview:large, max-video-preview:-1\" \/>\n<link rel=\"canonical\" href=\"https:\/\/fitness-andbeauty.com\/fr\/skin-care-in-winter-treatment-9-mish\/\" \/>\n<meta property=\"og:locale\" content=\"fr_FR\" \/>\n<meta property=\"og:type\" content=\"article\" \/>\n<meta property=\"og:title\" content=\"Soins de la peau en hiver\u00a0: traiter 9\u00a0probl\u00e8mes - fitness and beauty\" \/>\n<meta property=\"og:description\" content=\"Soins de la peau en hiver\u00a0: traiter 9\u00a0probl\u00e8mes &nbsp; Il vous suffit d&rsquo;abaisser la temp\u00e9rature indiqu\u00e9e par les probl\u00e8mes de peau. Il est courant en hiver que la peau soit s\u00e8che et terne, mais il y a quelque chose qui doit \u00eatre fait pour r\u00e9soudre ces probl\u00e8mes. D\u00e9couvrez les principaux probl\u00e8mes de peau de cette &hellip;\" \/>\n<meta property=\"og:url\" content=\"https:\/\/fitness-andbeauty.com\/fr\/skin-care-in-winter-treatment-9-mish\/\" \/>\n<meta property=\"og:site_name\" content=\"fitness and beauty\" \/>\n<meta property=\"article:published_time\" content=\"2022-02-27T12:53:33+00:00\" \/>\n<meta property=\"og:image\" content=\"https:\/\/fitness-andbeauty.com\/wp-content\/uploads\/2022\/02\/girl-g284929a64_640.jpg\" \/>\n\t<meta property=\"og:image:width\" content=\"550\" \/>\n\t<meta property=\"og:image:height\" content=\"640\" \/>\n\t<meta property=\"og:image:type\" content=\"image\/jpeg\" \/>\n<meta name=\"author\" content=\"admin\" \/>\n<meta name=\"twitter:card\" content=\"summary_large_image\" \/>\n<meta name=\"twitter:label1\" content=\"\u00c9crit par\" \/>\n\t<meta name=\"twitter:data1\" content=\"admin\" \/>\n\t<meta name=\"twitter:label2\" content=\"Dur\u00e9e de lecture estim\u00e9e\" \/>\n\t<meta name=\"twitter:data2\" content=\"10 minutes\" \/>\n<script type=\"application\/ld+json\" class=\"yoast-schema-graph\">{\"@context\":\"https:\\\/\\\/schema.org\",\"@graph\":[{\"@type\":\"Article\",\"@id\":\"https:\\\/\\\/fitness-andbeauty.com\\\/fr\\\/skin-care-in-winter-treatment-9-mish\\\/#article\",\"isPartOf\":{\"@id\":\"https:\\\/\\\/fitness-andbeauty.com\\\/fr\\\/skin-care-in-winter-treatment-9-mish\\\/\"},\"author\":{\"name\":\"admin\",\"@id\":\"https:\\\/\\\/fitness-andbeauty.com\\\/fr\\\/pt-br\\\/#\\\/schema\\\/person\\\/e0b06598ea73286bdcccd18def5b83c3\"},\"headline\":\"Soins de la peau en hiver\u00a0: traiter 9\u00a0probl\u00e8mes\",\"datePublished\":\"2022-02-27T12:53:33+00:00\",\"mainEntityOfPage\":{\"@id\":\"https:\\\/\\\/fitness-andbeauty.com\\\/fr\\\/skin-care-in-winter-treatment-9-mish\\\/\"},\"wordCount\":1998,\"commentCount\":0,\"image\":{\"@id\":\"https:\\\/\\\/fitness-andbeauty.com\\\/fr\\\/skin-care-in-winter-treatment-9-mish\\\/#primaryimage\"},\"thumbnailUrl\":\"https:\\\/\\\/fitness-andbeauty.com\\\/wp-content\\\/uploads\\\/2022\\\/02\\\/girl-g284929a64_640.jpg\",\"articleSection\":[\"Beaut\u00e9\"],\"inLanguage\":\"fr-FR\",\"potentialAction\":[{\"@type\":\"CommentAction\",\"name\":\"Comment\",\"target\":[\"https:\\\/\\\/fitness-andbeauty.com\\\/fr\\\/skin-care-in-winter-treatment-9-mish\\\/#respond\"]}]},{\"@type\":\"WebPage\",\"@id\":\"https:\\\/\\\/fitness-andbeauty.com\\\/fr\\\/skin-care-in-winter-treatment-9-mish\\\/\",\"url\":\"https:\\\/\\\/fitness-andbeauty.com\\\/fr\\\/skin-care-in-winter-treatment-9-mish\\\/\",\"name\":\"Soins de la peau en hiver\u00a0: traiter 9\u00a0probl\u00e8mes - fitness and beauty\",\"isPartOf\":{\"@id\":\"https:\\\/\\\/fitness-andbeauty.com\\\/fr\\\/pt-br\\\/#website\"},\"primaryImageOfPage\":{\"@id\":\"https:\\\/\\\/fitness-andbeauty.com\\\/fr\\\/skin-care-in-winter-treatment-9-mish\\\/#primaryimage\"},\"image\":{\"@id\":\"https:\\\/\\\/fitness-andbeauty.com\\\/fr\\\/skin-care-in-winter-treatment-9-mish\\\/#primaryimage\"},\"thumbnailUrl\":\"https:\\\/\\\/fitness-andbeauty.com\\\/wp-content\\\/uploads\\\/2022\\\/02\\\/girl-g284929a64_640.jpg\",\"datePublished\":\"2022-02-27T12:53:33+00:00\",\"author\":{\"@id\":\"https:\\\/\\\/fitness-andbeauty.com\\\/fr\\\/pt-br\\\/#\\\/schema\\\/person\\\/e0b06598ea73286bdcccd18def5b83c3\"},\"breadcrumb\":{\"@id\":\"https:\\\/\\\/fitness-andbeauty.com\\\/fr\\\/skin-care-in-winter-treatment-9-mish\\\/#breadcrumb\"},\"inLanguage\":\"fr-FR\",\"potentialAction\":[{\"@type\":\"ReadAction\",\"target\":[\"https:\\\/\\\/fitness-andbeauty.com\\\/fr\\\/skin-care-in-winter-treatment-9-mish\\\/\"]}]},{\"@type\":\"ImageObject\",\"inLanguage\":\"fr-FR\",\"@id\":\"https:\\\/\\\/fitness-andbeauty.com\\\/fr\\\/skin-care-in-winter-treatment-9-mish\\\/#primaryimage\",\"url\":\"https:\\\/\\\/fitness-andbeauty.com\\\/wp-content\\\/uploads\\\/2022\\\/02\\\/girl-g284929a64_640.jpg\",\"contentUrl\":\"https:\\\/\\\/fitness-andbeauty.com\\\/wp-content\\\/uploads\\\/2022\\\/02\\\/girl-g284929a64_640.jpg\",\"width\":550,\"height\":640},{\"@type\":\"BreadcrumbList\",\"@id\":\"https:\\\/\\\/fitness-andbeauty.com\\\/fr\\\/skin-care-in-winter-treatment-9-mish\\\/#breadcrumb\",\"itemListElement\":[{\"@type\":\"ListItem\",\"position\":1,\"name\":\"\u0627\u0644\u0631\u0626\u064a\u0633\u064a\u0629\",\"item\":\"https:\\\/\\\/fitness-andbeauty.com\\\/fr\\\/\"},{\"@type\":\"ListItem\",\"position\":2,\"name\":\"Soins de la peau en hiver\u00a0: traiter 9\u00a0probl\u00e8mes\"}]},{\"@type\":\"WebSite\",\"@id\":\"https:\\\/\\\/fitness-andbeauty.com\\\/fr\\\/pt-br\\\/#website\",\"url\":\"https:\\\/\\\/fitness-andbeauty.com\\\/fr\\\/pt-br\\\/\",\"name\":\"fitness and beauty\",\"description\":\"fitness and beauty\",\"potentialAction\":[{\"@type\":\"SearchAction\",\"target\":{\"@type\":\"EntryPoint\",\"urlTemplate\":\"https:\\\/\\\/fitness-andbeauty.com\\\/fr\\\/pt-br\\\/?s={search_term_string}\"},\"query-input\":{\"@type\":\"PropertyValueSpecification\",\"valueRequired\":true,\"valueName\":\"search_term_string\"}}],\"inLanguage\":\"fr-FR\"},{\"@type\":\"Person\",\"@id\":\"https:\\\/\\\/fitness-andbeauty.com\\\/fr\\\/pt-br\\\/#\\\/schema\\\/person\\\/e0b06598ea73286bdcccd18def5b83c3\",\"name\":\"admin\",\"image\":{\"@type\":\"ImageObject\",\"inLanguage\":\"fr-FR\",\"@id\":\"https:\\\/\\\/fitness-andbeauty.com\\\/wp-content\\\/litespeed\\\/avatar\\\/e4ae66cf7b3615ceea422292762fd36f.jpg?ver=1777164984\",\"url\":\"https:\\\/\\\/fitness-andbeauty.com\\\/wp-content\\\/litespeed\\\/avatar\\\/e4ae66cf7b3615ceea422292762fd36f.jpg?ver=1777164984\",\"contentUrl\":\"https:\\\/\\\/fitness-andbeauty.com\\\/wp-content\\\/litespeed\\\/avatar\\\/e4ae66cf7b3615ceea422292762fd36f.jpg?ver=1777164984\",\"caption\":\"admin\"},\"sameAs\":[\"https:\\\/\\\/fitness-andbeauty.com\\\/\"],\"url\":\"https:\\\/\\\/fitness-andbeauty.com\\\/fr\\\/author\\\/admin\\\/\"}]}<\/script>\n<!-- \/ Yoast SEO plugin. -->","yoast_head_json":{"title":"Soins de la peau en hiver\u00a0: traiter 9\u00a0probl\u00e8mes - fitness and beauty","robots":{"index":"index","follow":"follow","max-snippet":"max-snippet:-1","max-image-preview":"max-image-preview:large","max-video-preview":"max-video-preview:-1"},"canonical":"https:\/\/fitness-andbeauty.com\/fr\/skin-care-in-winter-treatment-9-mish\/","og_locale":"fr_FR","og_type":"article","og_title":"Soins de la peau en hiver\u00a0: traiter 9\u00a0probl\u00e8mes - fitness and beauty","og_description":"Soins de la peau en hiver\u00a0: traiter 9\u00a0probl\u00e8mes &nbsp; Il vous suffit d&rsquo;abaisser la temp\u00e9rature indiqu\u00e9e par les probl\u00e8mes de peau. Il est courant en hiver que la peau soit s\u00e8che et terne, mais il y a quelque chose qui doit \u00eatre fait pour r\u00e9soudre ces probl\u00e8mes. D\u00e9couvrez les principaux probl\u00e8mes de peau de cette &hellip;","og_url":"https:\/\/fitness-andbeauty.com\/fr\/skin-care-in-winter-treatment-9-mish\/","og_site_name":"fitness and beauty","article_published_time":"2022-02-27T12:53:33+00:00","og_image":[{"width":550,"height":640,"url":"https:\/\/fitness-andbeauty.com\/wp-content\/uploads\/2022\/02\/girl-g284929a64_640.jpg","type":"image\/jpeg"}],"author":"admin","twitter_card":"summary_large_image","twitter_misc":{"\u00c9crit par":"admin","Dur\u00e9e de lecture estim\u00e9e":"10 minutes"},"schema":{"@context":"https:\/\/schema.org","@graph":[{"@type":"Article","@id":"https:\/\/fitness-andbeauty.com\/fr\/skin-care-in-winter-treatment-9-mish\/#article","isPartOf":{"@id":"https:\/\/fitness-andbeauty.com\/fr\/skin-care-in-winter-treatment-9-mish\/"},"author":{"name":"admin","@id":"https:\/\/fitness-andbeauty.com\/fr\/pt-br\/#\/schema\/person\/e0b06598ea73286bdcccd18def5b83c3"},"headline":"Soins de la peau en hiver\u00a0: traiter 9\u00a0probl\u00e8mes","datePublished":"2022-02-27T12:53:33+00:00","mainEntityOfPage":{"@id":"https:\/\/fitness-andbeauty.com\/fr\/skin-care-in-winter-treatment-9-mish\/"},"wordCount":1998,"commentCount":0,"image":{"@id":"https:\/\/fitness-andbeauty.com\/fr\/skin-care-in-winter-treatment-9-mish\/#primaryimage"},"thumbnailUrl":"https:\/\/fitness-andbeauty.com\/wp-content\/uploads\/2022\/02\/girl-g284929a64_640.jpg","articleSection":["Beaut\u00e9"],"inLanguage":"fr-FR","potentialAction":[{"@type":"CommentAction","name":"Comment","target":["https:\/\/fitness-andbeauty.com\/fr\/skin-care-in-winter-treatment-9-mish\/#respond"]}]},{"@type":"WebPage","@id":"https:\/\/fitness-andbeauty.com\/fr\/skin-care-in-winter-treatment-9-mish\/","url":"https:\/\/fitness-andbeauty.com\/fr\/skin-care-in-winter-treatment-9-mish\/","name":"Soins de la peau en hiver\u00a0: traiter 9\u00a0probl\u00e8mes - fitness and beauty","isPartOf":{"@id":"https:\/\/fitness-andbeauty.com\/fr\/pt-br\/#website"},"primaryImageOfPage":{"@id":"https:\/\/fitness-andbeauty.com\/fr\/skin-care-in-winter-treatment-9-mish\/#primaryimage"},"image":{"@id":"https:\/\/fitness-andbeauty.com\/fr\/skin-care-in-winter-treatment-9-mish\/#primaryimage"},"thumbnailUrl":"https:\/\/fitness-andbeauty.com\/wp-content\/uploads\/2022\/02\/girl-g284929a64_640.jpg","datePublished":"2022-02-27T12:53:33+00:00","author":{"@id":"https:\/\/fitness-andbeauty.com\/fr\/pt-br\/#\/schema\/person\/e0b06598ea73286bdcccd18def5b83c3"},"breadcrumb":{"@id":"https:\/\/fitness-andbeauty.com\/fr\/skin-care-in-winter-treatment-9-mish\/#breadcrumb"},"inLanguage":"fr-FR","potentialAction":[{"@type":"ReadAction","target":["https:\/\/fitness-andbeauty.com\/fr\/skin-care-in-winter-treatment-9-mish\/"]}]},{"@type":"ImageObject","inLanguage":"fr-FR","@id":"https:\/\/fitness-andbeauty.com\/fr\/skin-care-in-winter-treatment-9-mish\/#primaryimage","url":"https:\/\/fitness-andbeauty.com\/wp-content\/uploads\/2022\/02\/girl-g284929a64_640.jpg","contentUrl":"https:\/\/fitness-andbeauty.com\/wp-content\/uploads\/2022\/02\/girl-g284929a64_640.jpg","width":550,"height":640},{"@type":"BreadcrumbList","@id":"https:\/\/fitness-andbeauty.com\/fr\/skin-care-in-winter-treatment-9-mish\/#breadcrumb","itemListElement":[{"@type":"ListItem","position":1,"name":"\u0627\u0644\u0631\u0626\u064a\u0633\u064a\u0629","item":"https:\/\/fitness-andbeauty.com\/fr\/"},{"@type":"ListItem","position":2,"name":"Soins de la peau en hiver\u00a0: traiter 9\u00a0probl\u00e8mes"}]},{"@type":"WebSite","@id":"https:\/\/fitness-andbeauty.com\/fr\/pt-br\/#website","url":"https:\/\/fitness-andbeauty.com\/fr\/pt-br\/","name":"fitness and beauty","description":"fitness and beauty","potentialAction":[{"@type":"SearchAction","target":{"@type":"EntryPoint","urlTemplate":"https:\/\/fitness-andbeauty.com\/fr\/pt-br\/?s={search_term_string}"},"query-input":{"@type":"PropertyValueSpecification","valueRequired":true,"valueName":"search_term_string"}}],"inLanguage":"fr-FR"},{"@type":"Person","@id":"https:\/\/fitness-andbeauty.com\/fr\/pt-br\/#\/schema\/person\/e0b06598ea73286bdcccd18def5b83c3","name":"admin","image":{"@type":"ImageObject","inLanguage":"fr-FR","@id":"https:\/\/fitness-andbeauty.com\/wp-content\/litespeed\/avatar\/e4ae66cf7b3615ceea422292762fd36f.jpg?ver=1777164984","url":"https:\/\/fitness-andbeauty.com\/wp-content\/litespeed\/avatar\/e4ae66cf7b3615ceea422292762fd36f.jpg?ver=1777164984","contentUrl":"https:\/\/fitness-andbeauty.com\/wp-content\/litespeed\/avatar\/e4ae66cf7b3615ceea422292762fd36f.jpg?ver=1777164984","caption":"admin"},"sameAs":["https:\/\/fitness-andbeauty.com\/"],"url":"https:\/\/fitness-andbeauty.com\/fr\/author\/admin\/"}]}},"_links":{"self":[{"href":"https:\/\/fitness-andbeauty.com\/fr\/wp-json\/wp\/v2\/posts\/8868","targetHints":{"allow":["GET"]}}],"collection":[{"href":"https:\/\/fitness-andbeauty.com\/fr\/wp-json\/wp\/v2\/posts"}],"about":[{"href":"https:\/\/fitness-andbeauty.com\/fr\/wp-json\/wp\/v2\/types\/post"}],"author":[{"embeddable":true,"href":"https:\/\/fitness-andbeauty.com\/fr\/wp-json\/wp\/v2\/users\/1"}],"replies":[{"embeddable":true,"href":"https:\/\/fitness-andbeauty.com\/fr\/wp-json\/wp\/v2\/comments?post=8868"}],"version-history":[{"count":0,"href":"https:\/\/fitness-andbeauty.com\/fr\/wp-json\/wp\/v2\/posts\/8868\/revisions"}],"wp:featuredmedia":[{"embeddable":true,"href":"https:\/\/fitness-andbeauty.com\/fr\/wp-json\/wp\/v2\/media\/11785"}],"wp:attachment":[{"href":"https:\/\/fitness-andbeauty.com\/fr\/wp-json\/wp\/v2\/media?parent=8868"}],"wp:term":[{"taxonomy":"category","embeddable":true,"href":"https:\/\/fitness-andbeauty.com\/fr\/wp-json\/wp\/v2\/categories?post=8868"},{"taxonomy":"post_tag","embeddable":true,"href":"https:\/\/fitness-andbeauty.com\/fr\/wp-json\/wp\/v2\/tags?post=8868"}],"curies":[{"name":"wp","href":"https:\/\/api.w.org\/{rel}","templated":true}]}}