{"id":8815,"date":"2022-02-27T20:53:40","date_gmt":"2022-02-27T20:53:40","guid":{"rendered":"http:\/\/fitness-andbeauty.com\/?p=8815"},"modified":"2022-02-09T15:50:57","modified_gmt":"2022-02-09T15:50:57","slug":"hairstyles-curly-short-and-long-and-medium","status":"publish","type":"post","link":"https:\/\/fitness-andbeauty.com\/fr\/hairstyles-curly-short-and-long-and-medium\/","title":{"rendered":"Coiffures boucl\u00e9es : courtes, longues et moyennes"},"content":{"rendered":"<div id=\"\">\n<p><span style=\"vertical-align: inherit;\"><span style=\"vertical-align: inherit;\">Coiffures boucl\u00e9es : courtes, longues et moyennes<\/span><\/span><\/p>\n<p class=\"paragraph\"><span style=\"vertical-align: inherit;\"><span style=\"vertical-align: inherit;\">Les cheveux boucl\u00e9s ont des textures et des formes diff\u00e9rentes. <\/span><span style=\"vertical-align: inherit;\">Des tresses les plus ferm\u00e9es aux plus ouvertes, la forme de ce type de cheveux permet de cr\u00e9er diff\u00e9rents styles de coiffure.<\/span><\/span><\/p>\n<p class=\"paragraph\"><span style=\"vertical-align: inherit;\"><span style=\"vertical-align: inherit;\">\u00ab\u00a0Les cheveux boucl\u00e9s ont un mouvement naturel qui donne beaucoup de beaut\u00e9 \u00e0 la coiffure\u00a0\u00bb, explique Cris Dios, du salon Laces and Hair de S\u00e3o Paulo. <\/span><span style=\"vertical-align: inherit;\">Kris dit qu&rsquo;elle aime cr\u00e9er des coiffures qui respectent ce mouvement boucl\u00e9, en fixant m\u00e8che par m\u00e8che avec des \u00e9pingles \u00e0 cheveux.<\/span><\/span><\/p>\n<p>&nbsp;<\/p>\n<p class=\"paragraph\"><span style=\"vertical-align: inherit;\"><span style=\"vertical-align: inherit;\">La coiffeuse Ness Cavalcant, du salon Maria Bellisa \u00e0 S\u00e3o Paulo, explique que l&rsquo;utilisation de produits de finition et de mousses sp\u00e9cifiques pour les cheveux boucl\u00e9s aide \u00e0 coiffer les boucles. <\/span><span style=\"vertical-align: inherit;\">Ces produits con\u00e7us pour ce type de cheveux sont id\u00e9aux pour contr\u00f4ler les frisottis et les hydrater en juste quantit\u00e9.<\/span><\/span><\/p>\n<div class=\"desktop-ad\">\n<div class=\"square\">\n<p class=\"label\">\n<\/div>\n<\/div>\n<p class=\"paragraph\"><span style=\"vertical-align: inherit;\"><span style=\"vertical-align: inherit;\">Voici quelques conseils pour cr\u00e9er des coiffures \u00e9tonnantes pour les cheveux boucl\u00e9s :<\/span><\/span><\/p>\n<h2 class=\"subtitle\"><span style=\"vertical-align: inherit;\"><span style=\"vertical-align: inherit;\">1- Chignon avec tresses<\/span><\/span><\/h2>\n<p>&nbsp;<\/p>\n<p class=\"paragraph\"><span style=\"vertical-align: inherit;\"><span style=\"vertical-align: inherit;\">Les tresses sont int\u00e9gr\u00e9es dans le haut de la t\u00eate, ce qui rend le chignon plus souple et am\u00e9liore la forme des tresses. <\/span><span style=\"vertical-align: inherit;\">Les <\/span><\/span><em><span style=\"vertical-align: inherit;\"><span style=\"vertical-align: inherit;\">cheveux du b\u00e9b\u00e9<\/span><\/span><\/em><span style=\"vertical-align: inherit;\"><span style=\"vertical-align: inherit;\"> sont peign\u00e9s (petites m\u00e8ches qui naissent \u00e0 l&rsquo;avant de la t\u00eate), ce qui ajoute du charme au look.<\/span><\/span><\/p>\n<p>&nbsp;<\/p>\n<h2 class=\"subtitle\"><span style=\"vertical-align: inherit;\"><span style=\"vertical-align: inherit;\">2- G\u00e2teau avec surprise<\/span><\/span><\/h2>\n<p>&nbsp;<\/p>\n<p class=\"paragraph\"><span style=\"vertical-align: inherit;\"><span style=\"vertical-align: inherit;\">Laissez la partie avant des cheveux l\u00e2che et jet\u00e9e sur le c\u00f4t\u00e9. <\/span><span style=\"vertical-align: inherit;\">Sur les c\u00f4t\u00e9s sont r\u00e9alis\u00e9s des <\/span><\/span><em><span style=\"vertical-align: inherit;\"><span style=\"vertical-align: inherit;\">torsades<\/span><\/span><\/em><span style=\"vertical-align: inherit;\"><span style=\"vertical-align: inherit;\"> , qui peuvent \u00eatre d\u00e9cor\u00e9es avec des accessoires pour cheveux.<\/span><\/span><\/p>\n<div class=\"desktop-ad\">\n<div class=\"square\">\n<p class=\"label\">\n<\/div>\n<\/div>\n<h2 class=\"subtitle\"><span style=\"vertical-align: inherit;\"><span style=\"vertical-align: inherit;\">3-c\u00f4t\u00e9<\/span><\/span><\/h2>\n<p>&nbsp;<\/p>\n<p class=\"paragraph\"><span style=\"vertical-align: inherit;\"><span style=\"vertical-align: inherit;\">Cette coiffure est \u00e9galement connue sous le nom de cascade. <\/span><span style=\"vertical-align: inherit;\">Les cheveux ne sont retourn\u00e9s que d&rsquo;un c\u00f4t\u00e9, de sorte que les tresses tombent sur une \u00e9paule, ce qui est une excellente option pour ceux qui ont les cheveux longs. <\/span><span style=\"vertical-align: inherit;\">Les fils peuvent \u00eatre fix\u00e9s \u00e0 l&rsquo;arri\u00e8re du cou \u00e0 l&rsquo;aide de clips et d&rsquo;attaches.<\/span><\/span><\/p>\n<p>&nbsp;<\/p>\n<h2 class=\"subtitle\"><span style=\"vertical-align: inherit;\"><span style=\"vertical-align: inherit;\">4- A moiti\u00e9 coinc\u00e9<\/span><\/span><\/h2>\n<p>&nbsp;<\/p>\n<p class=\"paragraph\"><span style=\"vertical-align: inherit;\"><span style=\"vertical-align: inherit;\">Pour diff\u00e9rencier la coiffure, des tresses peuvent \u00eatre faites incrust\u00e9es dans les c\u00f4t\u00e9s des cheveux. <\/span><span style=\"vertical-align: inherit;\">Deux boucles l\u00e2ches \u00e0 l&rsquo;avant sont \u00e9galement une excellente option pour changer de look.<\/span><\/span><\/p>\n<p>&nbsp;<\/p>\n<h2 class=\"subtitle\"><span style=\"vertical-align: inherit;\"><span style=\"vertical-align: inherit;\">5- Space buns avec tresses<\/span><\/span><\/h2>\n<p>&nbsp;<\/p>\n<p class=\"paragraph\"><span style=\"vertical-align: inherit;\"><span style=\"vertical-align: inherit;\">Deux petits pains l\u00e2ches sont faits au sommet de la t\u00eate, laissant le reste des brins l\u00e2ches. <\/span><span style=\"vertical-align: inherit;\">\u00c0 l&rsquo;avant, les cheveux sont tress\u00e9s des deux c\u00f4t\u00e9s.<\/span><\/span><\/p>\n<div class=\"desktop-ad\">\n<div class=\"square\">\n<p class=\"label\">\n<\/div>\n<\/div>\n<h2 class=\"subtitle\"><span style=\"vertical-align: inherit;\"><span style=\"vertical-align: inherit;\">6- Coiffure queue de cheval avec torsades<\/span><\/span><\/h2>\n<p>&nbsp;<\/p>\n<p class=\"paragraph\"><span style=\"vertical-align: inherit;\"><span style=\"vertical-align: inherit;\">Avant de fixer les cheveux en queue de cheval, deux <\/span><\/span><em><span style=\"vertical-align: inherit;\"><span style=\"vertical-align: inherit;\">torsades<\/span><\/span><\/em><span style=\"vertical-align: inherit;\"><span style=\"vertical-align: inherit;\"> sont faites de chaque c\u00f4t\u00e9 de la t\u00eate, la partie \u00ab torsad\u00e9e \u00bb est fix\u00e9e avec une petite \u00e9pingle \u00e0 cheveux.<\/span><\/span><\/p>\n<p>&nbsp;<\/p>\n<h2 class=\"subtitle\"><span style=\"vertical-align: inherit;\"><span style=\"vertical-align: inherit;\">7- Bac Boxer Bas<\/span><\/span><\/h2>\n<p>&nbsp;<\/p>\n<p class=\"paragraph\"><span style=\"vertical-align: inherit;\"><span style=\"vertical-align: inherit;\">Cette coiffure est une excellente option pour les journ\u00e9es chaudes. <\/span><span style=\"vertical-align: inherit;\">Avant de finir le boxer, les deux c\u00f4t\u00e9s de la tresse sont attach\u00e9s en un chignon l\u00e2che, montrant la forme des tresses.<\/span><\/span><\/p>\n<p>&nbsp;<\/p>\n<h2 class=\"subtitle\"><span style=\"vertical-align: inherit;\"><span style=\"vertical-align: inherit;\">8- C\u00f4t\u00e9 \u00e9tendu<\/span><\/span><\/h2>\n<p>&nbsp;<\/p>\n<p class=\"paragraph\"><span style=\"vertical-align: inherit;\"><span style=\"vertical-align: inherit;\">Une pommade ou un gel modelant est appliqu\u00e9 sur la partie initiale du c\u00f4t\u00e9 de la t\u00eate, pour \u00e9tirer les m\u00e8ches \u00e0 l&rsquo;aide d&rsquo;une brosse ou d&rsquo;un peigne. <\/span><span style=\"vertical-align: inherit;\">Le reste des cheveux est soulign\u00e9 avec une cr\u00e8me finale.<\/span><\/span><\/p>\n<h2 class=\"subtitle\"><span style=\"vertical-align: inherit;\"><span style=\"vertical-align: inherit;\">9- Bandana<\/span><\/span><\/h2>\n<p>&nbsp;<\/p>\n<p class=\"paragraph\"><span style=\"vertical-align: inherit;\"><span style=\"vertical-align: inherit;\">Le bandana peut \u00eatre utilis\u00e9 dans n&rsquo;importe quelle couleur et motif. <\/span><span style=\"vertical-align: inherit;\">La combinaison de grandes boucles d&rsquo;oreilles aide \u00e0 compl\u00e9ter le look.<\/span><\/span><\/p>\n<p>&nbsp;<\/p>\n<h2 class=\"subtitle\"><span style=\"vertical-align: inherit;\"><span style=\"vertical-align: inherit;\">10- Space cakes avec frange<\/span><\/span><\/h2>\n<p>&nbsp;<\/p>\n<p class=\"paragraph\"><span style=\"vertical-align: inherit;\"><span style=\"vertical-align: inherit;\">Le devant des cheveux est laiss\u00e9 l\u00e2che en ajustant le volume de la frange. <\/span><span style=\"vertical-align: inherit;\">Sur les c\u00f4t\u00e9s, deux chignons hauts sont ex\u00e9cut\u00e9s.<\/span><\/span><\/p>\n<p>&nbsp;<\/p>\n<\/div>\n","protected":false},"excerpt":{"rendered":"<p>Coiffures boucl\u00e9es : courtes, longues et moyennes Les cheveux boucl\u00e9s ont des textures et des formes diff\u00e9rentes. Des tresses les plus ferm\u00e9es aux plus ouvertes, la forme de ce type de cheveux permet de cr\u00e9er diff\u00e9rents styles de coiffure. \u00ab\u00a0Les cheveux boucl\u00e9s ont un mouvement naturel qui donne beaucoup de beaut\u00e9 \u00e0 la coiffure\u00a0\u00bb, explique &hellip;<\/p>\n","protected":false},"author":1,"featured_media":11752,"comment_status":"open","ping_status":"open","sticky":false,"template":"","format":"standard","meta":{"footnotes":""},"categories":[3523],"tags":[],"class_list":["post-8815","post","type-post","status-publish","format-standard","has-post-thumbnail","hentry","category-beauty-fr"],"yoast_head":"<!-- This site is optimized with the Yoast SEO plugin v27.4 - https:\/\/yoast.com\/product\/yoast-seo-wordpress\/ -->\n<title>Coiffures boucl\u00e9es : courtes, longues et moyennes - fitness and beauty<\/title>\n<meta name=\"robots\" content=\"index, follow, max-snippet:-1, max-image-preview:large, max-video-preview:-1\" \/>\n<link rel=\"canonical\" href=\"https:\/\/fitness-andbeauty.com\/fr\/hairstyles-curly-short-and-long-and-medium\/\" \/>\n<meta property=\"og:locale\" content=\"fr_FR\" \/>\n<meta property=\"og:type\" content=\"article\" \/>\n<meta property=\"og:title\" content=\"Coiffures boucl\u00e9es : courtes, longues et moyennes - fitness and beauty\" \/>\n<meta property=\"og:description\" content=\"Coiffures boucl\u00e9es : courtes, longues et moyennes Les cheveux boucl\u00e9s ont des textures et des formes diff\u00e9rentes. Des tresses les plus ferm\u00e9es aux plus ouvertes, la forme de ce type de cheveux permet de cr\u00e9er diff\u00e9rents styles de coiffure. \u00ab\u00a0Les cheveux boucl\u00e9s ont un mouvement naturel qui donne beaucoup de beaut\u00e9 \u00e0 la coiffure\u00a0\u00bb, explique &hellip;\" \/>\n<meta property=\"og:url\" content=\"https:\/\/fitness-andbeauty.com\/fr\/hairstyles-curly-short-and-long-and-medium\/\" \/>\n<meta property=\"og:site_name\" content=\"fitness and beauty\" \/>\n<meta property=\"article:published_time\" content=\"2022-02-27T20:53:40+00:00\" \/>\n<meta property=\"og:image\" content=\"https:\/\/fitness-andbeauty.com\/wp-content\/uploads\/2022\/02\/person-g21732c74b_640.jpg\" \/>\n\t<meta property=\"og:image:width\" content=\"640\" \/>\n\t<meta property=\"og:image:height\" content=\"426\" \/>\n\t<meta property=\"og:image:type\" content=\"image\/jpeg\" \/>\n<meta name=\"author\" content=\"admin\" \/>\n<meta name=\"twitter:card\" content=\"summary_large_image\" \/>\n<meta name=\"twitter:label1\" content=\"\u00c9crit par\" \/>\n\t<meta name=\"twitter:data1\" content=\"admin\" \/>\n\t<meta name=\"twitter:label2\" content=\"Dur\u00e9e de lecture estim\u00e9e\" \/>\n\t<meta name=\"twitter:data2\" content=\"3 minutes\" \/>\n<script type=\"application\/ld+json\" class=\"yoast-schema-graph\">{\"@context\":\"https:\\\/\\\/schema.org\",\"@graph\":[{\"@type\":\"Article\",\"@id\":\"https:\\\/\\\/fitness-andbeauty.com\\\/fr\\\/hairstyles-curly-short-and-long-and-medium\\\/#article\",\"isPartOf\":{\"@id\":\"https:\\\/\\\/fitness-andbeauty.com\\\/fr\\\/hairstyles-curly-short-and-long-and-medium\\\/\"},\"author\":{\"name\":\"admin\",\"@id\":\"https:\\\/\\\/fitness-andbeauty.com\\\/fr\\\/pt-br\\\/#\\\/schema\\\/person\\\/e0b06598ea73286bdcccd18def5b83c3\"},\"headline\":\"Coiffures boucl\u00e9es : courtes, longues et moyennes\",\"datePublished\":\"2022-02-27T20:53:40+00:00\",\"mainEntityOfPage\":{\"@id\":\"https:\\\/\\\/fitness-andbeauty.com\\\/fr\\\/hairstyles-curly-short-and-long-and-medium\\\/\"},\"wordCount\":615,\"commentCount\":0,\"image\":{\"@id\":\"https:\\\/\\\/fitness-andbeauty.com\\\/fr\\\/hairstyles-curly-short-and-long-and-medium\\\/#primaryimage\"},\"thumbnailUrl\":\"https:\\\/\\\/fitness-andbeauty.com\\\/wp-content\\\/uploads\\\/2022\\\/02\\\/person-g21732c74b_640.jpg\",\"articleSection\":[\"Beaut\u00e9\"],\"inLanguage\":\"fr-FR\",\"potentialAction\":[{\"@type\":\"CommentAction\",\"name\":\"Comment\",\"target\":[\"https:\\\/\\\/fitness-andbeauty.com\\\/fr\\\/hairstyles-curly-short-and-long-and-medium\\\/#respond\"]}]},{\"@type\":\"WebPage\",\"@id\":\"https:\\\/\\\/fitness-andbeauty.com\\\/fr\\\/hairstyles-curly-short-and-long-and-medium\\\/\",\"url\":\"https:\\\/\\\/fitness-andbeauty.com\\\/fr\\\/hairstyles-curly-short-and-long-and-medium\\\/\",\"name\":\"Coiffures boucl\u00e9es : courtes, longues et moyennes - fitness and beauty\",\"isPartOf\":{\"@id\":\"https:\\\/\\\/fitness-andbeauty.com\\\/fr\\\/pt-br\\\/#website\"},\"primaryImageOfPage\":{\"@id\":\"https:\\\/\\\/fitness-andbeauty.com\\\/fr\\\/hairstyles-curly-short-and-long-and-medium\\\/#primaryimage\"},\"image\":{\"@id\":\"https:\\\/\\\/fitness-andbeauty.com\\\/fr\\\/hairstyles-curly-short-and-long-and-medium\\\/#primaryimage\"},\"thumbnailUrl\":\"https:\\\/\\\/fitness-andbeauty.com\\\/wp-content\\\/uploads\\\/2022\\\/02\\\/person-g21732c74b_640.jpg\",\"datePublished\":\"2022-02-27T20:53:40+00:00\",\"author\":{\"@id\":\"https:\\\/\\\/fitness-andbeauty.com\\\/fr\\\/pt-br\\\/#\\\/schema\\\/person\\\/e0b06598ea73286bdcccd18def5b83c3\"},\"breadcrumb\":{\"@id\":\"https:\\\/\\\/fitness-andbeauty.com\\\/fr\\\/hairstyles-curly-short-and-long-and-medium\\\/#breadcrumb\"},\"inLanguage\":\"fr-FR\",\"potentialAction\":[{\"@type\":\"ReadAction\",\"target\":[\"https:\\\/\\\/fitness-andbeauty.com\\\/fr\\\/hairstyles-curly-short-and-long-and-medium\\\/\"]}]},{\"@type\":\"ImageObject\",\"inLanguage\":\"fr-FR\",\"@id\":\"https:\\\/\\\/fitness-andbeauty.com\\\/fr\\\/hairstyles-curly-short-and-long-and-medium\\\/#primaryimage\",\"url\":\"https:\\\/\\\/fitness-andbeauty.com\\\/wp-content\\\/uploads\\\/2022\\\/02\\\/person-g21732c74b_640.jpg\",\"contentUrl\":\"https:\\\/\\\/fitness-andbeauty.com\\\/wp-content\\\/uploads\\\/2022\\\/02\\\/person-g21732c74b_640.jpg\",\"width\":640,\"height\":426},{\"@type\":\"BreadcrumbList\",\"@id\":\"https:\\\/\\\/fitness-andbeauty.com\\\/fr\\\/hairstyles-curly-short-and-long-and-medium\\\/#breadcrumb\",\"itemListElement\":[{\"@type\":\"ListItem\",\"position\":1,\"name\":\"\u0627\u0644\u0631\u0626\u064a\u0633\u064a\u0629\",\"item\":\"https:\\\/\\\/fitness-andbeauty.com\\\/fr\\\/\"},{\"@type\":\"ListItem\",\"position\":2,\"name\":\"Coiffures boucl\u00e9es : courtes, longues et moyennes\"}]},{\"@type\":\"WebSite\",\"@id\":\"https:\\\/\\\/fitness-andbeauty.com\\\/fr\\\/pt-br\\\/#website\",\"url\":\"https:\\\/\\\/fitness-andbeauty.com\\\/fr\\\/pt-br\\\/\",\"name\":\"fitness and beauty\",\"description\":\"fitness and beauty\",\"potentialAction\":[{\"@type\":\"SearchAction\",\"target\":{\"@type\":\"EntryPoint\",\"urlTemplate\":\"https:\\\/\\\/fitness-andbeauty.com\\\/fr\\\/pt-br\\\/?s={search_term_string}\"},\"query-input\":{\"@type\":\"PropertyValueSpecification\",\"valueRequired\":true,\"valueName\":\"search_term_string\"}}],\"inLanguage\":\"fr-FR\"},{\"@type\":\"Person\",\"@id\":\"https:\\\/\\\/fitness-andbeauty.com\\\/fr\\\/pt-br\\\/#\\\/schema\\\/person\\\/e0b06598ea73286bdcccd18def5b83c3\",\"name\":\"admin\",\"image\":{\"@type\":\"ImageObject\",\"inLanguage\":\"fr-FR\",\"@id\":\"https:\\\/\\\/fitness-andbeauty.com\\\/wp-content\\\/litespeed\\\/avatar\\\/e4ae66cf7b3615ceea422292762fd36f.jpg?ver=1777164984\",\"url\":\"https:\\\/\\\/fitness-andbeauty.com\\\/wp-content\\\/litespeed\\\/avatar\\\/e4ae66cf7b3615ceea422292762fd36f.jpg?ver=1777164984\",\"contentUrl\":\"https:\\\/\\\/fitness-andbeauty.com\\\/wp-content\\\/litespeed\\\/avatar\\\/e4ae66cf7b3615ceea422292762fd36f.jpg?ver=1777164984\",\"caption\":\"admin\"},\"sameAs\":[\"https:\\\/\\\/fitness-andbeauty.com\\\/\"],\"url\":\"https:\\\/\\\/fitness-andbeauty.com\\\/fr\\\/author\\\/admin\\\/\"}]}<\/script>\n<!-- \/ Yoast SEO plugin. -->","yoast_head_json":{"title":"Coiffures boucl\u00e9es : courtes, longues et moyennes - fitness and beauty","robots":{"index":"index","follow":"follow","max-snippet":"max-snippet:-1","max-image-preview":"max-image-preview:large","max-video-preview":"max-video-preview:-1"},"canonical":"https:\/\/fitness-andbeauty.com\/fr\/hairstyles-curly-short-and-long-and-medium\/","og_locale":"fr_FR","og_type":"article","og_title":"Coiffures boucl\u00e9es : courtes, longues et moyennes - fitness and beauty","og_description":"Coiffures boucl\u00e9es : courtes, longues et moyennes Les cheveux boucl\u00e9s ont des textures et des formes diff\u00e9rentes. Des tresses les plus ferm\u00e9es aux plus ouvertes, la forme de ce type de cheveux permet de cr\u00e9er diff\u00e9rents styles de coiffure. \u00ab\u00a0Les cheveux boucl\u00e9s ont un mouvement naturel qui donne beaucoup de beaut\u00e9 \u00e0 la coiffure\u00a0\u00bb, explique &hellip;","og_url":"https:\/\/fitness-andbeauty.com\/fr\/hairstyles-curly-short-and-long-and-medium\/","og_site_name":"fitness and beauty","article_published_time":"2022-02-27T20:53:40+00:00","og_image":[{"width":640,"height":426,"url":"https:\/\/fitness-andbeauty.com\/wp-content\/uploads\/2022\/02\/person-g21732c74b_640.jpg","type":"image\/jpeg"}],"author":"admin","twitter_card":"summary_large_image","twitter_misc":{"\u00c9crit par":"admin","Dur\u00e9e de lecture estim\u00e9e":"3 minutes"},"schema":{"@context":"https:\/\/schema.org","@graph":[{"@type":"Article","@id":"https:\/\/fitness-andbeauty.com\/fr\/hairstyles-curly-short-and-long-and-medium\/#article","isPartOf":{"@id":"https:\/\/fitness-andbeauty.com\/fr\/hairstyles-curly-short-and-long-and-medium\/"},"author":{"name":"admin","@id":"https:\/\/fitness-andbeauty.com\/fr\/pt-br\/#\/schema\/person\/e0b06598ea73286bdcccd18def5b83c3"},"headline":"Coiffures boucl\u00e9es : courtes, longues et moyennes","datePublished":"2022-02-27T20:53:40+00:00","mainEntityOfPage":{"@id":"https:\/\/fitness-andbeauty.com\/fr\/hairstyles-curly-short-and-long-and-medium\/"},"wordCount":615,"commentCount":0,"image":{"@id":"https:\/\/fitness-andbeauty.com\/fr\/hairstyles-curly-short-and-long-and-medium\/#primaryimage"},"thumbnailUrl":"https:\/\/fitness-andbeauty.com\/wp-content\/uploads\/2022\/02\/person-g21732c74b_640.jpg","articleSection":["Beaut\u00e9"],"inLanguage":"fr-FR","potentialAction":[{"@type":"CommentAction","name":"Comment","target":["https:\/\/fitness-andbeauty.com\/fr\/hairstyles-curly-short-and-long-and-medium\/#respond"]}]},{"@type":"WebPage","@id":"https:\/\/fitness-andbeauty.com\/fr\/hairstyles-curly-short-and-long-and-medium\/","url":"https:\/\/fitness-andbeauty.com\/fr\/hairstyles-curly-short-and-long-and-medium\/","name":"Coiffures boucl\u00e9es : courtes, longues et moyennes - fitness and beauty","isPartOf":{"@id":"https:\/\/fitness-andbeauty.com\/fr\/pt-br\/#website"},"primaryImageOfPage":{"@id":"https:\/\/fitness-andbeauty.com\/fr\/hairstyles-curly-short-and-long-and-medium\/#primaryimage"},"image":{"@id":"https:\/\/fitness-andbeauty.com\/fr\/hairstyles-curly-short-and-long-and-medium\/#primaryimage"},"thumbnailUrl":"https:\/\/fitness-andbeauty.com\/wp-content\/uploads\/2022\/02\/person-g21732c74b_640.jpg","datePublished":"2022-02-27T20:53:40+00:00","author":{"@id":"https:\/\/fitness-andbeauty.com\/fr\/pt-br\/#\/schema\/person\/e0b06598ea73286bdcccd18def5b83c3"},"breadcrumb":{"@id":"https:\/\/fitness-andbeauty.com\/fr\/hairstyles-curly-short-and-long-and-medium\/#breadcrumb"},"inLanguage":"fr-FR","potentialAction":[{"@type":"ReadAction","target":["https:\/\/fitness-andbeauty.com\/fr\/hairstyles-curly-short-and-long-and-medium\/"]}]},{"@type":"ImageObject","inLanguage":"fr-FR","@id":"https:\/\/fitness-andbeauty.com\/fr\/hairstyles-curly-short-and-long-and-medium\/#primaryimage","url":"https:\/\/fitness-andbeauty.com\/wp-content\/uploads\/2022\/02\/person-g21732c74b_640.jpg","contentUrl":"https:\/\/fitness-andbeauty.com\/wp-content\/uploads\/2022\/02\/person-g21732c74b_640.jpg","width":640,"height":426},{"@type":"BreadcrumbList","@id":"https:\/\/fitness-andbeauty.com\/fr\/hairstyles-curly-short-and-long-and-medium\/#breadcrumb","itemListElement":[{"@type":"ListItem","position":1,"name":"\u0627\u0644\u0631\u0626\u064a\u0633\u064a\u0629","item":"https:\/\/fitness-andbeauty.com\/fr\/"},{"@type":"ListItem","position":2,"name":"Coiffures boucl\u00e9es : courtes, longues et moyennes"}]},{"@type":"WebSite","@id":"https:\/\/fitness-andbeauty.com\/fr\/pt-br\/#website","url":"https:\/\/fitness-andbeauty.com\/fr\/pt-br\/","name":"fitness and beauty","description":"fitness and beauty","potentialAction":[{"@type":"SearchAction","target":{"@type":"EntryPoint","urlTemplate":"https:\/\/fitness-andbeauty.com\/fr\/pt-br\/?s={search_term_string}"},"query-input":{"@type":"PropertyValueSpecification","valueRequired":true,"valueName":"search_term_string"}}],"inLanguage":"fr-FR"},{"@type":"Person","@id":"https:\/\/fitness-andbeauty.com\/fr\/pt-br\/#\/schema\/person\/e0b06598ea73286bdcccd18def5b83c3","name":"admin","image":{"@type":"ImageObject","inLanguage":"fr-FR","@id":"https:\/\/fitness-andbeauty.com\/wp-content\/litespeed\/avatar\/e4ae66cf7b3615ceea422292762fd36f.jpg?ver=1777164984","url":"https:\/\/fitness-andbeauty.com\/wp-content\/litespeed\/avatar\/e4ae66cf7b3615ceea422292762fd36f.jpg?ver=1777164984","contentUrl":"https:\/\/fitness-andbeauty.com\/wp-content\/litespeed\/avatar\/e4ae66cf7b3615ceea422292762fd36f.jpg?ver=1777164984","caption":"admin"},"sameAs":["https:\/\/fitness-andbeauty.com\/"],"url":"https:\/\/fitness-andbeauty.com\/fr\/author\/admin\/"}]}},"_links":{"self":[{"href":"https:\/\/fitness-andbeauty.com\/fr\/wp-json\/wp\/v2\/posts\/8815","targetHints":{"allow":["GET"]}}],"collection":[{"href":"https:\/\/fitness-andbeauty.com\/fr\/wp-json\/wp\/v2\/posts"}],"about":[{"href":"https:\/\/fitness-andbeauty.com\/fr\/wp-json\/wp\/v2\/types\/post"}],"author":[{"embeddable":true,"href":"https:\/\/fitness-andbeauty.com\/fr\/wp-json\/wp\/v2\/users\/1"}],"replies":[{"embeddable":true,"href":"https:\/\/fitness-andbeauty.com\/fr\/wp-json\/wp\/v2\/comments?post=8815"}],"version-history":[{"count":0,"href":"https:\/\/fitness-andbeauty.com\/fr\/wp-json\/wp\/v2\/posts\/8815\/revisions"}],"wp:featuredmedia":[{"embeddable":true,"href":"https:\/\/fitness-andbeauty.com\/fr\/wp-json\/wp\/v2\/media\/11752"}],"wp:attachment":[{"href":"https:\/\/fitness-andbeauty.com\/fr\/wp-json\/wp\/v2\/media?parent=8815"}],"wp:term":[{"taxonomy":"category","embeddable":true,"href":"https:\/\/fitness-andbeauty.com\/fr\/wp-json\/wp\/v2\/categories?post=8815"},{"taxonomy":"post_tag","embeddable":true,"href":"https:\/\/fitness-andbeauty.com\/fr\/wp-json\/wp\/v2\/tags?post=8815"}],"curies":[{"name":"wp","href":"https:\/\/api.w.org\/{rel}","templated":true}]}}